{"id":618,"date":"2017-04-03T15:28:49","date_gmt":"2017-04-03T13:28:49","guid":{"rendered":"http:\/\/www.amisdeportroyal.org\/societe\/index.php\/2017\/04\/03\/port-royal-de-montherlant-au\/"},"modified":"2017-04-03T15:28:49","modified_gmt":"2017-04-03T13:28:49","slug":"port-royal-de-montherlant-au","status":"publish","type":"post","link":"http:\/\/www.amisdeportroyal.org\/societe\/index.php\/2017\/04\/03\/port-royal-de-montherlant-au\/","title":{"rendered":"Port-Royal de Montherlant au Th\u00e9\u00e2tre du Nord-Ouest"},"content":{"rendered":"<p>Port-Royal de Henry de Montherlant<br \/>\nTh\u00e9\u00e2tre du Nord-Ouest<br \/>\n13 rue du Faubourg-Montmartre, 75009<\/p>\n<p>Mise en sc\u00e8ne: C\u00e9line B\u00e9d\u00e9neau<br \/>\nCostumes: Genevi\u00e8ve Estaric et l&rsquo;Op\u00e9ra de Rouen<\/p>\n<p>Avec:<br \/>\nPhilippe Brigaud, Genevi\u00e8ve Brunet, Marjorie de Larquier, Cl\u00e9mentine St\u00e9panoff, Marie V\u00e9ronique Raban, B\u00e9atrice Mandelbrot, Mich\u00e8le Barbier, Dominique Contestin, Lorelei Schreder, Guy Bourgeois, Anthony Digne, Ga\u00ebl Boulard<br \/>\nChef de ch\u0153ur: Jean-Christophe Ronfort<\/p>\n<p>Message du metteur en sc\u00e8ne \u00e0 l&rsquo;intention des Amis de Port-Royal:<\/p>\n<p>\u00ab\u00a0Apr\u00e8s avoir jou\u00e9 Port-Royal de Montherlant \u00e0 la Chapelle du Coll\u00e8ge des J\u00e9suites \u00e0 Eu, puis \u00e0 l&rsquo;abbaye de Marcilhac-sur-C\u00e9l\u00e9, nous repr\u00e9sentons actuellement la pi\u00e8ce \u00e0 Paris au Th\u00e9\u00e2tre du Nord-Ouest dirig\u00e9 par Jean-Luc Jeener. C&rsquo;est nous faire une grande confiance car Jean-Luc Jeener a d\u00e9j\u00e0 mont\u00e9 Port-Royal dans le site m\u00eame de Port-Royal et c&rsquo;est un texte qui lui tient \u00e0 coeur. La 1\u00e8re a eu lieu le 12 mars: salle comble, public enthousiaste, comme quoi, contrairement \u00e0 ce qu&rsquo;affirment les d\u00e9cideurs, les spectateurs sont heureux de d\u00e9couvrir les textes de ces grands auteurs, l&rsquo;\u00e9motion est au rendez-vous et l&rsquo;histoire de Port-Royal suscite toujours le m\u00eame int\u00e9r\u00eat.<br \/>\n<strong>   Nous serions heureux et honor\u00e9s de pouvoir rencontrer Les Amis de<br \/>\nPort-Royal \u00e0 l&rsquo;occasion de l&rsquo;une de nos deux prochaines dates. (09\/04 \u00e0<br \/>\n14h30 et 16\/04 \u00e0 20h45.) Leur place sera r\u00e9serv\u00e9e \u00e0 l&rsquo;accueil.<\/strong>\u00ab\u00a0<\/p>\n","protected":false},"excerpt":{"rendered":"<p>Port-Royal de Henry de Montherlant Th\u00e9\u00e2tre du Nord-Ouest 13 rue du Faubourg-Montmartre, 75009 Mise en sc\u00e8ne: C\u00e9line B\u00e9d\u00e9neau Costumes: Genevi\u00e8ve Estaric et l&rsquo;Op\u00e9ra de Rouen Avec: Philippe Brigaud, Genevi\u00e8ve Brunet, Marjorie de Larquier, Cl\u00e9mentine St\u00e9panoff, Marie V\u00e9ronique Raban, B\u00e9atrice Mandelbrot, &hellip; <a href=\"http:\/\/www.amisdeportroyal.org\/societe\/index.php\/2017\/04\/03\/port-royal-de-montherlant-au\/\">Continuer la lecture <span class=\"meta-nav\">&rarr;<\/span><\/a><\/p>\n","protected":false},"author":1,"featured_media":0,"comment_status":"closed","ping_status":"open","sticky":false,"template":"","format":"standard","meta":[],"categories":[35],"tags":[37],"_links":{"self":[{"href":"http:\/\/www.amisdeportroyal.org\/societe\/index.php\/wp-json\/wp\/v2\/posts\/618"}],"collection":[{"href":"http:\/\/www.amisdeportroyal.org\/societe\/index.php\/wp-json\/wp\/v2\/posts"}],"about":[{"href":"http:\/\/www.amisdeportroyal.org\/societe\/index.php\/wp-json\/wp\/v2\/types\/post"}],"author":[{"embeddable":true,"href":"http:\/\/www.amisdeportroyal.org\/societe\/index.php\/wp-json\/wp\/v2\/users\/1"}],"replies":[{"embeddable":true,"href":"http:\/\/www.amisdeportroyal.org\/societe\/index.php\/wp-json\/wp\/v2\/comments?post=618"}],"version-history":[{"count":0,"href":"http:\/\/www.amisdeportroyal.org\/societe\/index.php\/wp-json\/wp\/v2\/posts\/618\/revisions"}],"wp:attachment":[{"href":"http:\/\/www.amisdeportroyal.org\/societe\/index.php\/wp-json\/wp\/v2\/media?parent=618"}],"wp:term":[{"taxonomy":"category","embeddable":true,"href":"http:\/\/www.amisdeportroyal.org\/societe\/index.php\/wp-json\/wp\/v2\/categories?post=618"},{"taxonomy":"post_tag","embeddable":true,"href":"http:\/\/www.amisdeportroyal.org\/societe\/index.php\/wp-json\/wp\/v2\/tags?post=618"}],"curies":[{"name":"wp","href":"https:\/\/api.w.org\/{rel}","templated":true}]}}