{"id":596,"date":"2017-01-19T22:36:46","date_gmt":"2017-01-19T21:36:46","guid":{"rendered":"http:\/\/www.amisdeportroyal.org\/societe\/index.php\/2017\/01\/19\/ag-du-27-janvier-2017\/"},"modified":"2017-01-19T22:36:46","modified_gmt":"2017-01-19T21:36:46","slug":"ag-du-27-janvier-2017","status":"publish","type":"post","link":"http:\/\/www.amisdeportroyal.org\/societe\/index.php\/2017\/01\/19\/ag-du-27-janvier-2017\/","title":{"rendered":"AG du 27 janvier 2017"},"content":{"rendered":"<p>L&rsquo;Assembl\u00e9e G\u00e9n\u00e9rale de la Soci\u00e9t\u00e9 des Amis de Port-Royal aura lieu le <strong>vendredi 27 janvier 2017<\/strong> au <strong>Ch\u0153ur des religieuses de Port-Royal de Paris<\/strong> (123 Bd de Port-Royal).<\/p>\n<p><strong>16h<\/strong> : Messe \u00e0 la chapelle de Port-Royal de Paris en m\u00e9moire des soci\u00e9taires d\u00e9c\u00e9d\u00e9s en 2016.<\/p>\n<p><strong>17h<\/strong> : Assembl\u00e9e g\u00e9n\u00e9rale.<\/p>\n<p><strong>18h<\/strong> : Conf\u00e9rence de Chiara Catalano : \u00ab Jans\u00e9nius face au philosophes : le choc des titans \u00bb.<\/p>\n<p><strong>19h<\/strong> : Cocktail. <\/p>\n","protected":false},"excerpt":{"rendered":"<p>L&rsquo;Assembl\u00e9e G\u00e9n\u00e9rale de la Soci\u00e9t\u00e9 des Amis de Port-Royal aura lieu le vendredi 27 janvier 2017 au Ch\u0153ur des religieuses de Port-Royal de Paris (123 Bd de Port-Royal). 16h : Messe \u00e0 la chapelle de Port-Royal de Paris en m\u00e9moire &hellip; <a href=\"http:\/\/www.amisdeportroyal.org\/societe\/index.php\/2017\/01\/19\/ag-du-27-janvier-2017\/\">Continuer la lecture <span class=\"meta-nav\">&rarr;<\/span><\/a><\/p>\n","protected":false},"author":3,"featured_media":0,"comment_status":"closed","ping_status":"open","sticky":false,"template":"","format":"standard","meta":[],"categories":[31],"tags":[37],"_links":{"self":[{"href":"http:\/\/www.amisdeportroyal.org\/societe\/index.php\/wp-json\/wp\/v2\/posts\/596"}],"collection":[{"href":"http:\/\/www.amisdeportroyal.org\/societe\/index.php\/wp-json\/wp\/v2\/posts"}],"about":[{"href":"http:\/\/www.amisdeportroyal.org\/societe\/index.php\/wp-json\/wp\/v2\/types\/post"}],"author":[{"embeddable":true,"href":"http:\/\/www.amisdeportroyal.org\/societe\/index.php\/wp-json\/wp\/v2\/users\/3"}],"replies":[{"embeddable":true,"href":"http:\/\/www.amisdeportroyal.org\/societe\/index.php\/wp-json\/wp\/v2\/comments?post=596"}],"version-history":[{"count":0,"href":"http:\/\/www.amisdeportroyal.org\/societe\/index.php\/wp-json\/wp\/v2\/posts\/596\/revisions"}],"wp:attachment":[{"href":"http:\/\/www.amisdeportroyal.org\/societe\/index.php\/wp-json\/wp\/v2\/media?parent=596"}],"wp:term":[{"taxonomy":"category","embeddable":true,"href":"http:\/\/www.amisdeportroyal.org\/societe\/index.php\/wp-json\/wp\/v2\/categories?post=596"},{"taxonomy":"post_tag","embeddable":true,"href":"http:\/\/www.amisdeportroyal.org\/societe\/index.php\/wp-json\/wp\/v2\/tags?post=596"}],"curies":[{"name":"wp","href":"https:\/\/api.w.org\/{rel}","templated":true}]}}