{"id":585,"date":"2016-12-04T18:17:31","date_gmt":"2016-12-04T17:17:31","guid":{"rendered":"http:\/\/www.amisdeportroyal.org\/societe\/index.php\/2016\/12\/04\/blaise-pascal-le-pari-scientifique\/"},"modified":"2016-12-04T18:17:31","modified_gmt":"2016-12-04T17:17:31","slug":"blaise-pascal-le-pari-scientifique","status":"publish","type":"post","link":"http:\/\/www.amisdeportroyal.org\/societe\/index.php\/2016\/12\/04\/blaise-pascal-le-pari-scientifique\/","title":{"rendered":"Blaise Pascal : le pari scientifique"},"content":{"rendered":"<p>Un g\u00e9nie pr\u00e9coce, qui a marqu\u00e9 au XVIIe si\u00e8cle des domaines aussi divers que les math\u00e9matiques, la philosophie, la litt\u00e9rature et la physique. Quelle r\u00e9sonance des d\u00e9couvertes de Pascal dans la physique moderne ? Quel poids de la pens\u00e9e de Pascal dans la marche et l&rsquo;histoire des sciences ?<\/p>\n<p>Podcastez ou r\u00e9\u00e9coutez en ligne cette M\u00e9thode Scientifique consacr\u00e9e \u00e0 Blaise Pascal<\/p>\n","protected":false},"excerpt":{"rendered":"<p>Un g\u00e9nie pr\u00e9coce, qui a marqu\u00e9 au XVIIe si\u00e8cle des domaines aussi divers que les math\u00e9matiques, la philosophie, la litt\u00e9rature et la physique. Quelle r\u00e9sonance des d\u00e9couvertes de Pascal dans la physique moderne ? Quel poids de la pens\u00e9e de &hellip; <a href=\"http:\/\/www.amisdeportroyal.org\/societe\/index.php\/2016\/12\/04\/blaise-pascal-le-pari-scientifique\/\">Continuer la lecture <span class=\"meta-nav\">&rarr;<\/span><\/a><\/p>\n","protected":false},"author":1,"featured_media":0,"comment_status":"closed","ping_status":"open","sticky":false,"template":"","format":"standard","meta":[],"categories":[30],"tags":[37],"_links":{"self":[{"href":"http:\/\/www.amisdeportroyal.org\/societe\/index.php\/wp-json\/wp\/v2\/posts\/585"}],"collection":[{"href":"http:\/\/www.amisdeportroyal.org\/societe\/index.php\/wp-json\/wp\/v2\/posts"}],"about":[{"href":"http:\/\/www.amisdeportroyal.org\/societe\/index.php\/wp-json\/wp\/v2\/types\/post"}],"author":[{"embeddable":true,"href":"http:\/\/www.amisdeportroyal.org\/societe\/index.php\/wp-json\/wp\/v2\/users\/1"}],"replies":[{"embeddable":true,"href":"http:\/\/www.amisdeportroyal.org\/societe\/index.php\/wp-json\/wp\/v2\/comments?post=585"}],"version-history":[{"count":0,"href":"http:\/\/www.amisdeportroyal.org\/societe\/index.php\/wp-json\/wp\/v2\/posts\/585\/revisions"}],"wp:attachment":[{"href":"http:\/\/www.amisdeportroyal.org\/societe\/index.php\/wp-json\/wp\/v2\/media?parent=585"}],"wp:term":[{"taxonomy":"category","embeddable":true,"href":"http:\/\/www.amisdeportroyal.org\/societe\/index.php\/wp-json\/wp\/v2\/categories?post=585"},{"taxonomy":"post_tag","embeddable":true,"href":"http:\/\/www.amisdeportroyal.org\/societe\/index.php\/wp-json\/wp\/v2\/tags?post=585"}],"curies":[{"name":"wp","href":"https:\/\/api.w.org\/{rel}","templated":true}]}}