{"id":3311,"date":"2023-09-23T16:15:17","date_gmt":"2023-09-23T14:15:17","guid":{"rendered":"http:\/\/www.amisdeportroyal.org\/societe\/?p=3311"},"modified":"2023-09-23T16:33:44","modified_gmt":"2023-09-23T14:33:44","slug":"blaise-pascal-source-et-heritage-philosophie-litterature-science-rome-accademia-dei-lincei-27-28-septembre-2023","status":"publish","type":"post","link":"http:\/\/www.amisdeportroyal.org\/societe\/index.php\/2023\/09\/23\/blaise-pascal-source-et-heritage-philosophie-litterature-science-rome-accademia-dei-lincei-27-28-septembre-2023\/","title":{"rendered":"Blaise Pascal. Sources et h\u00e9ritages. Philosophie, litt\u00e9rature, science. Rome, Accademia dei Lincei, 27-28 septembre 2023"},"content":{"rendered":"<p style=\"text-align: justify;\"><strong>BLAISE PASCAL. FONTI E EREDIT\u00c0<\/strong><br \/>\n<strong>FILOSOFIA, LETTERATURA, SCIENZA<\/strong><\/p>\n<p style=\"text-align: justify;\"><strong>27-28 SETTEMBRE 2023<br \/>\n<\/strong><\/p>\n<p style=\"text-align: justify;\"><strong>ROMA &#8211; PALAZZO CORSINI &#8211; VIA DELLA LUNGARA, 10<\/strong><\/p>\n<p style=\"text-align: justify;\"><strong>Comit\u00e9 organisateur<\/strong>: Enrico ARBARELLO (Linceo), Michele CILIBERTO (Linceo, Istituto Nazionale di Studi sul Rinascimento), Giovanni JONA-LASINIO (Linceo, Sapienza Universit\u00e0 di Roma), Filippo MIGNINI (Linceo, Universit\u00e0 di Macerata), Benedetta PAPASOGLI (Lincea, Universit\u00e0 di Roma Lumsa), Giorgio PARISI (Linceo, Sapienza Universit\u00e0 di Roma), Emanuela SCRIBANO (Lincea, Universit\u00e0 di Ca&rsquo; Foscari di Venezia)<\/p>\n<p style=\"text-align: justify;\">L&rsquo;Accademia Nazionale dei Lincei c\u00e9l\u00e8bre le quatri\u00e8me centenaire de la naissance de Blaise Pascal (1623-1662) en organisant une conf\u00e9rence internationale consacr\u00e9e \u00e0 la pens\u00e9e de ce grand philosophe, scientifique et \u00e9crivain. Les nombreux travaux et recherches consacr\u00e9s \u00e0 Pascal au cours des derni\u00e8res d\u00e9cennies ont montr\u00e9 qu&rsquo;il existe une philosophie coh\u00e9rente et originale de Pascal, et qu&rsquo;elle est, sous certains aspects significatifs, \u00e0 la fois ind\u00e9pendante des choix th\u00e9ologiques et li\u00e9e \u00e0 ses \u00e9crits scientifiques, dont l&rsquo;importance dans le contexte de la physique et des math\u00e9matiques modernes a \u00e9t\u00e9 soulign\u00e9e. La valeur litt\u00e9raire et les suggestions d&rsquo;\u00e9criture des \u0153uvres de Pascal ont aliment\u00e9 l&rsquo;int\u00e9r\u00eat pour son h\u00e9ritage dans la litt\u00e9rature moderne et contemporaine. La pens\u00e9e de Pascal s&rsquo;est ainsi de plus en plus \u00e9mancip\u00e9e de la vocation apolog\u00e9tique exclusive \u00e0 laquelle elle avait souvent \u00e9t\u00e9 conduite jusqu&rsquo;au d\u00e9but du si\u00e8cle dernier. Il est d\u00e9sormais largement admis que les \u00e9crits de Pascal ont marqu\u00e9 un moment d\u00e9cisif dans l&rsquo;histoire des id\u00e9es, comme en t\u00e9moignent les \u00e9clairages f\u00e9conds que des \u00e9crivains et des philosophes, de Baudelaire \u00e0 Leopardi en passant par Merleau-Ponty, ont tir\u00e9s de ces textes. Le colloque consacr\u00e9 \u00e0 la pens\u00e9e de Pascal se propose d&rsquo;examiner la place centrale de Pascal dans la pens\u00e9e moderne, en identifiant dans sa pens\u00e9e les tournants et les propositions qui ont marqu\u00e9 son originalit\u00e9 par rapport aux sources et en tentant de restituer la coh\u00e9rence interne des diff\u00e9rents aspects de son \u0153uvre.<\/p>\n<p style=\"text-align: justify;\"><em>Plusieurs membres de notre Soci\u00e9t\u00e9 seront pr\u00e9sents lors de cette manifestation.<\/em><\/p>\n<p><em>Le colloque sera diffus\u00e9<strong> en direct<\/strong> et en streaming: <a href=\"https:\/\/www.lincei.it\/it\/dirette-streaming\"><strong>https:\/\/www.lincei.it\/it\/dirette-streaming<\/strong><\/a><\/em><\/p>\n<p style=\"text-align: justify;\"><strong><br \/>\nPROGRAMMA<\/strong><\/p>\n<p style=\"text-align: justify;\"><strong>Mercoled\u00ec 27 settembre<\/strong><br \/>\n14.30 Indirizzi di saluto<br \/>\nRoberto ANTONELLI (Presidente dell\u2019Accademia Nazionale dei Lincei)<br \/>\nGiorgio PARISI (Vicepresidente dell\u2019Accademia Nazionale dei Lincei)<br \/>\nPresiede: Emanuela SCRIBANO (Lincea, Universit\u00e0 di Ca&rsquo; Foscari di Venezia)<br \/>\n14.50 G\u00e9rard FERREYROLLES (Sorbonne Universit\u00e9): Pascal antimoderne?<br \/>\n15.30 Carlo OSSOLA (Linceo, Coll\u00e8ge de France): \u201cDella opinione Regina del mundo\u201d<br \/>\n16.10 Intervallo<br \/>\n16.30 Laurence PLAZENET (Universit\u00e9 Clermont Auvergne): Le souffle et le sceau: mis\u00e8re du livre chez Pascal<br \/>\n17.10 Benedetta PAPASOGLI (Lincea, Universit\u00e0 di Roma Lumsa): Pascal e il romanzo della condizione umana<br \/>\n2<\/p>\n<p style=\"text-align: justify;\"><strong>Gioved\u00ec 28 settembre<\/strong><br \/>\nPresiede: Filippo MIGNINI (Linceo, Universit\u00e0 di Macerata)<br \/>\n9.30 Michael MORIARTY (Cambridge University Londra): Pascal on nature and justice<br \/>\n10.10 Laurence DEVILLAIRS (Universit\u00e9 Paris Panth\u00e9on-Sorbonne): L&rsquo;inconsolabilit\u00e9. Blumenberg \u00e0 l&rsquo;\u00e9preuve de Pascal<br \/>\n10.50 Intervallo<br \/>\n11.10 Vincent CARRAUD (Sorbonne Universit\u00e9): Le premier cart\u00e9sien<br \/>\n11.50 Emanuela SCRIBANO (Lincea, Universit\u00e0 di Ca&rsquo; Foscari di Venezia): Variazioni sulla tirannia<br \/>\n12.30 Intervallo<br \/>\nPresiede: Enrico ARBARELLO (Linceo)<br \/>\n14.30 Jean-Michel BISMUT (Universit\u00e9 Paris-Saclay): Pascal et la th\u00e9orie des probabilit\u00e9s<br \/>\n15.10 Ciro CILIBERTO (Linceo, Universit\u00e0 Tor Vergata): Blaise Pascal&rsquo;s contribution to geometry: the hexagrammum mysticum<br \/>\n15.50 Intervallo<br \/>\n16.10 Giovanni GALLAVOTTI (Linceo, Sapienza Universit\u00e0 di Roma): Il vuoto e la cicloide: Torricelli e Pascal<br \/>\n16.50 Benedetta PAPASOGLI (Lincea, Universit\u00e0 \u00e0 di Roma Lumsa), Giovanni JONA-LASINIO (Linceo, Sapienza Universit\u00e0 di Roma): Conclusioni<\/p>\n<p style=\"text-align: justify;\"><strong>Secr\u00e9tariat du colloque<\/strong>: convegni@lincei.it \u2013 <a href=\"http:\/\/www.lincei.it\">http:\/\/www.lincei.it<\/a><\/p>\n<p style=\"text-align: justify;\"><strong>Toutes les informations<\/strong>:\u00a0 <a href=\"https:\/\/www.lincei.it\/it\/manifestazioni\/blaise-pascal-convegno\">https:\/\/www.lincei.it\/it\/manifestazioni\/blaise-pascal-convegno<\/a><\/p>\n<p style=\"text-align: justify;\">Les d\u00e9bats peuvent \u00e9galement \u00eatre suivis par le public en streaming.<\/p>\n<p style=\"text-align: justify;\">R\u00e9sum\u00e9 des communications \u00e0 t\u00e9l\u00e9charger ci-dessous.<\/p>\n","protected":false},"excerpt":{"rendered":"<p>BLAISE PASCAL. FONTI E EREDIT\u00c0 FILOSOFIA, LETTERATURA, SCIENZA 27-28 SETTEMBRE 2023 ROMA &#8211; PALAZZO CORSINI &#8211; VIA DELLA LUNGARA, 10 Comit\u00e9 organisateur: Enrico ARBARELLO (Linceo), Michele CILIBERTO (Linceo, Istituto Nazionale di Studi sul Rinascimento), Giovanni JONA-LASINIO (Linceo, Sapienza Universit\u00e0 di &hellip; <a href=\"http:\/\/www.amisdeportroyal.org\/societe\/index.php\/2023\/09\/23\/blaise-pascal-source-et-heritage-philosophie-litterature-science-rome-accademia-dei-lincei-27-28-septembre-2023\/\">Continuer la lecture <span class=\"meta-nav\">&rarr;<\/span><\/a><\/p>\n","protected":false},"author":1,"featured_media":3315,"comment_status":"open","ping_status":"open","sticky":false,"template":"","format":"standard","meta":[],"categories":[1],"tags":[],"_links":{"self":[{"href":"http:\/\/www.amisdeportroyal.org\/societe\/index.php\/wp-json\/wp\/v2\/posts\/3311"}],"collection":[{"href":"http:\/\/www.amisdeportroyal.org\/societe\/index.php\/wp-json\/wp\/v2\/posts"}],"about":[{"href":"http:\/\/www.amisdeportroyal.org\/societe\/index.php\/wp-json\/wp\/v2\/types\/post"}],"author":[{"embeddable":true,"href":"http:\/\/www.amisdeportroyal.org\/societe\/index.php\/wp-json\/wp\/v2\/users\/1"}],"replies":[{"embeddable":true,"href":"http:\/\/www.amisdeportroyal.org\/societe\/index.php\/wp-json\/wp\/v2\/comments?post=3311"}],"version-history":[{"count":6,"href":"http:\/\/www.amisdeportroyal.org\/societe\/index.php\/wp-json\/wp\/v2\/posts\/3311\/revisions"}],"predecessor-version":[{"id":3319,"href":"http:\/\/www.amisdeportroyal.org\/societe\/index.php\/wp-json\/wp\/v2\/posts\/3311\/revisions\/3319"}],"wp:featuredmedia":[{"embeddable":true,"href":"http:\/\/www.amisdeportroyal.org\/societe\/index.php\/wp-json\/wp\/v2\/media\/3315"}],"wp:attachment":[{"href":"http:\/\/www.amisdeportroyal.org\/societe\/index.php\/wp-json\/wp\/v2\/media?parent=3311"}],"wp:term":[{"taxonomy":"category","embeddable":true,"href":"http:\/\/www.amisdeportroyal.org\/societe\/index.php\/wp-json\/wp\/v2\/categories?post=3311"},{"taxonomy":"post_tag","embeddable":true,"href":"http:\/\/www.amisdeportroyal.org\/societe\/index.php\/wp-json\/wp\/v2\/tags?post=3311"}],"curies":[{"name":"wp","href":"https:\/\/api.w.org\/{rel}","templated":true}]}}