{"id":3211,"date":"2023-03-28T11:26:53","date_gmt":"2023-03-28T09:26:53","guid":{"rendered":"http:\/\/www.amisdeportroyal.org\/societe\/?p=3211"},"modified":"2023-10-10T11:54:47","modified_gmt":"2023-10-10T09:54:47","slug":"bernard-grasset-sur-les-pas-de-blaise-pascal-voyageur-de-linfini-essai-de-biographie","status":"publish","type":"post","link":"http:\/\/www.amisdeportroyal.org\/societe\/index.php\/2023\/03\/28\/bernard-grasset-sur-les-pas-de-blaise-pascal-voyageur-de-linfini-essai-de-biographie\/","title":{"rendered":"Bernard Grasset, Sur les pas de Blaise Pascal, voyageur de l&rsquo;infini (essai de biographie)"},"content":{"rendered":"<p>L&rsquo;essai de biographie\u00a0<em>Sur les pas de Blaise Pascal, Voyageur de l\u2019infini<\/em>\u00a0\u00a0pr\u00e9sente pour la premi\u00e8re fois ensemble sa vie et ses \u0153uvres.<\/p>\n<p>S&rsquo;il pouvait exister des biographies de Pascal ou des analyses de ses \u0153uvres, il n&rsquo;existait pas de livre qui r\u00e9unissait les deux.<\/p>\n<p>Accompagn\u00e9 d\u2019illustrations et pr\u00e9fac\u00e9 par G\u00e9rard Ferreyrolles, professeur \u00e9m\u00e9rite \u00e0 Sorbonne Universit\u00e9, cet essai, qui para\u00eet l\u2019ann\u00e9e o\u00f9 l\u2019on c\u00e9l\u00e8bre le 4e centenaire de la naissance de l\u2019auteur des\u00a0<em>Pens\u00e9es<\/em>, est \u00e9crit dans un style litt\u00e9raire, ce qui le rend accessible \u00e0 un large public, tout en s\u2019appuyant sur les connaissances les plus s\u00fbres, la chronologie la plus av\u00e9r\u00e9e.<\/p>\n<p>Comme l\u2019histoire de ses \u00e9crits, l\u2019histoire de Blaise Pascal s\u2019inscrit dans celle de sa famille, de son milieu et du Grand Si\u00e8cle.<\/p>\n<p>Peindre la vie de l\u2019inventeur de la machine arithm\u00e9tique, c\u2019est ainsi faire appara\u00eetre les \u00e9v\u00e9nements de son temps qui en constituent l\u2019arri\u00e8re-plan.<\/p>\n<p>En allant sur les pas de Blaise Pascal, le lecteur peut d\u00e9couvrir une vie d\u2019une remarquable exigence et d\u2019une vraie grandeur, centr\u00e9e sur la v\u00e9rit\u00e9 et l\u2019amour qu\u2019il mettait au-dessus de tout.<\/p>\n<p><em>Auteur d\u2019une vingtaine de recueils de po\u00e9sie, de plusieurs traductions de l\u2019h\u00e9breu et du grec, d\u2019un livre d\u2019art et d\u2019un r\u00e9cit de voyage, Bernard Grasset a publi\u00e9 une dizaine d\u2019essais philosophiques ou anthologies de citations, dont une partie importante est consacr\u00e9e \u00e0<\/em>\u00a0<em>Pascal<\/em>,\u00a0<em>\u00e0 l&rsquo;instar de\u00a0<\/em>Les Pens\u00e9es de Pascal, une interpr\u00e9tation de l\u2019\u00c9criture<em>,\u00a0\u00c9ditions Kim\u00e9, 2003.<\/em><\/p>\n<ul class=\"metadata\">\n<li>Paris, Kim\u00e9, coll. \u00ab\u00a0Philosophie en cours\u00a0\u00bb, 2023<\/li>\n<li>EAN : 9782380721003<\/li>\n<li>268 pages<\/li>\n<li>Prix : 26 EUR<\/li>\n<li>Date de publication :\u00a0<time datetime=\"2023-03-18\"><time datetime=\"2023-03-18\">18 Mars 2023<\/time><\/time>Pr\u00e9sentation: <a href=\"http:\/\/www.lelitteraire.com\/?p=91502\">http:\/\/www.lelitteraire.com\/?p=91502<\/a><br \/>\nRadio: <a href=\"https:\/\/www.radiofidelite.com\/replay\/sur-les-pas-de-blaise-pascal-voyageur-de-linfini-nous-avons-lu-pour-vousaux-editions-kime\/\">https:\/\/www.radiofidelite.com\/replay\/sur-les-pas-de-blaise-pascal-voyageur-de-linfini-nous-avons-lu-pour-vousaux-editions-kime\/<\/a><\/li>\n<\/ul>\n","protected":false},"excerpt":{"rendered":"<p>L&rsquo;essai de biographie\u00a0Sur les pas de Blaise Pascal, Voyageur de l\u2019infini\u00a0\u00a0pr\u00e9sente pour la premi\u00e8re fois ensemble sa vie et ses \u0153uvres. S&rsquo;il pouvait exister des biographies de Pascal ou des analyses de ses \u0153uvres, il n&rsquo;existait pas de livre qui &hellip; <a href=\"http:\/\/www.amisdeportroyal.org\/societe\/index.php\/2023\/03\/28\/bernard-grasset-sur-les-pas-de-blaise-pascal-voyageur-de-linfini-essai-de-biographie\/\">Continuer la lecture <span class=\"meta-nav\">&rarr;<\/span><\/a><\/p>\n","protected":false},"author":1,"featured_media":3212,"comment_status":"open","ping_status":"open","sticky":false,"template":"","format":"standard","meta":[],"categories":[20,29],"tags":[],"_links":{"self":[{"href":"http:\/\/www.amisdeportroyal.org\/societe\/index.php\/wp-json\/wp\/v2\/posts\/3211"}],"collection":[{"href":"http:\/\/www.amisdeportroyal.org\/societe\/index.php\/wp-json\/wp\/v2\/posts"}],"about":[{"href":"http:\/\/www.amisdeportroyal.org\/societe\/index.php\/wp-json\/wp\/v2\/types\/post"}],"author":[{"embeddable":true,"href":"http:\/\/www.amisdeportroyal.org\/societe\/index.php\/wp-json\/wp\/v2\/users\/1"}],"replies":[{"embeddable":true,"href":"http:\/\/www.amisdeportroyal.org\/societe\/index.php\/wp-json\/wp\/v2\/comments?post=3211"}],"version-history":[{"count":4,"href":"http:\/\/www.amisdeportroyal.org\/societe\/index.php\/wp-json\/wp\/v2\/posts\/3211\/revisions"}],"predecessor-version":[{"id":3348,"href":"http:\/\/www.amisdeportroyal.org\/societe\/index.php\/wp-json\/wp\/v2\/posts\/3211\/revisions\/3348"}],"wp:featuredmedia":[{"embeddable":true,"href":"http:\/\/www.amisdeportroyal.org\/societe\/index.php\/wp-json\/wp\/v2\/media\/3212"}],"wp:attachment":[{"href":"http:\/\/www.amisdeportroyal.org\/societe\/index.php\/wp-json\/wp\/v2\/media?parent=3211"}],"wp:term":[{"taxonomy":"category","embeddable":true,"href":"http:\/\/www.amisdeportroyal.org\/societe\/index.php\/wp-json\/wp\/v2\/categories?post=3211"},{"taxonomy":"post_tag","embeddable":true,"href":"http:\/\/www.amisdeportroyal.org\/societe\/index.php\/wp-json\/wp\/v2\/tags?post=3211"}],"curies":[{"name":"wp","href":"https:\/\/api.w.org\/{rel}","templated":true}]}}