{"id":2140,"date":"2020-03-19T10:18:23","date_gmt":"2020-03-19T09:18:23","guid":{"rendered":"http:\/\/www.amisdeportroyal.org\/societe\/?p=2140"},"modified":"2020-06-23T13:29:00","modified_gmt":"2020-06-23T11:29:00","slug":"les-minutes-de-port-royal-4-petite-verole-grand-fleau","status":"publish","type":"post","link":"http:\/\/www.amisdeportroyal.org\/societe\/index.php\/2020\/03\/19\/les-minutes-de-port-royal-4-petite-verole-grand-fleau\/","title":{"rendered":"Les minutes de Port-Royal &#8211; 4 &#8211; \u00ab\u00a0Petite v\u00e9role, grand fl\u00e9au\u00a0\u00bb"},"content":{"rendered":"<p>Anne-Claire Josse-Volongo, vice pr\u00e9sidente de la Soci\u00e9t\u00e9 des Amis de Port-Royal, nous propose aujourd&rsquo;hui une \u00ab\u00a0minute\u00a0\u00bb consacr\u00e9e \u00e0 la petite v\u00e9role (ou variole), grand fl\u00e9au, et qui n&rsquo;\u00e9pargna pas Port-Royal.<\/p>\n<p><iframe loading=\"lazy\" title=\"(4) Les Minutes de Port-Royal, &quot;Petite v\u00e9role, grand fl\u00e9au&quot;\" width=\"620\" height=\"349\" src=\"https:\/\/www.youtube.com\/embed\/QMW8a5L4cF4?feature=oembed\" frameborder=\"0\" allow=\"accelerometer; autoplay; clipboard-write; encrypted-media; gyroscope; picture-in-picture; web-share\" allowfullscreen><\/iframe><\/p>\n","protected":false},"excerpt":{"rendered":"<p>Anne-Claire Josse-Volongo, vice pr\u00e9sidente de la Soci\u00e9t\u00e9 des Amis de Port-Royal, nous propose aujourd&rsquo;hui une \u00ab\u00a0minute\u00a0\u00bb consacr\u00e9e \u00e0 la petite v\u00e9role (ou variole), grand fl\u00e9au, et qui n&rsquo;\u00e9pargna pas Port-Royal.<\/p>\n","protected":false},"author":1,"featured_media":2141,"comment_status":"closed","ping_status":"open","sticky":false,"template":"","format":"standard","meta":[],"categories":[52,46],"tags":[],"_links":{"self":[{"href":"http:\/\/www.amisdeportroyal.org\/societe\/index.php\/wp-json\/wp\/v2\/posts\/2140"}],"collection":[{"href":"http:\/\/www.amisdeportroyal.org\/societe\/index.php\/wp-json\/wp\/v2\/posts"}],"about":[{"href":"http:\/\/www.amisdeportroyal.org\/societe\/index.php\/wp-json\/wp\/v2\/types\/post"}],"author":[{"embeddable":true,"href":"http:\/\/www.amisdeportroyal.org\/societe\/index.php\/wp-json\/wp\/v2\/users\/1"}],"replies":[{"embeddable":true,"href":"http:\/\/www.amisdeportroyal.org\/societe\/index.php\/wp-json\/wp\/v2\/comments?post=2140"}],"version-history":[{"count":1,"href":"http:\/\/www.amisdeportroyal.org\/societe\/index.php\/wp-json\/wp\/v2\/posts\/2140\/revisions"}],"predecessor-version":[{"id":2142,"href":"http:\/\/www.amisdeportroyal.org\/societe\/index.php\/wp-json\/wp\/v2\/posts\/2140\/revisions\/2142"}],"wp:featuredmedia":[{"embeddable":true,"href":"http:\/\/www.amisdeportroyal.org\/societe\/index.php\/wp-json\/wp\/v2\/media\/2141"}],"wp:attachment":[{"href":"http:\/\/www.amisdeportroyal.org\/societe\/index.php\/wp-json\/wp\/v2\/media?parent=2140"}],"wp:term":[{"taxonomy":"category","embeddable":true,"href":"http:\/\/www.amisdeportroyal.org\/societe\/index.php\/wp-json\/wp\/v2\/categories?post=2140"},{"taxonomy":"post_tag","embeddable":true,"href":"http:\/\/www.amisdeportroyal.org\/societe\/index.php\/wp-json\/wp\/v2\/tags?post=2140"}],"curies":[{"name":"wp","href":"https:\/\/api.w.org\/{rel}","templated":true}]}}